{"id":610,"date":"2014-06-16T20:24:30","date_gmt":"2014-06-16T18:24:30","guid":{"rendered":"https:\/\/www.villabrunamalcesine.com\/?p=610"},"modified":"2019-11-26T11:58:25","modified_gmt":"2019-11-26T10:58:25","slug":"brenzone-gardasee","status":"publish","type":"post","link":"https:\/\/www.villabrunamalcesine.com\/de\/brenzone-gardasee\/","title":{"rendered":"Brenzone am Gardasee"},"content":{"rendered":"<p>Brenzone sul Garda &#8211; Brenzone am Gardasee<\/p>\n<p>Die im S\u00fcden an Cassone angrenzende Gemeinde Brenzone steht ihrem gro\u00dfem Nachbarn Malcesine in Nichts nach. Sie hat auch ohne einen ber\u00fchmten Ort wie Malcesine und ohne gro\u00dfe Shoppingmeilen so Einiges zu bieten. Die gesamte Gemeinde erfreut sich an immer gr\u00f6\u00dfer werdender Beliebtheit und ist nicht nur bei Entdeckungsfreudigen, Naturliebhabern oder Ruhesuchenden ein Geheimtipp. <\/p>\n<p>Die kleinen mittelalterlichen Ortschaften haben alle ihren ganz besonderen Charme und ihre Urspr\u00fcnglichkeit bewahrt. Die Zeit scheint hier stehengeblieben zu sein &#8211; enge, oft sehr steile G\u00e4sschen, historische H\u00e4uschen, alte Kirchen, jahrhundertealte Olivenhaine und eine Ruhe, wie man sie am See nicht mehr all zu oft findet \u2013 das Ganze macht die Besonderheit dieses sch\u00f6nen Fleckchens Erde am Gardasee aus. <\/p>\n<div style=\"float: right; padding: 5px 0 5px 5px;\" title=\"Die Gemeinde Brenzone\"><iframe loading=\"lazy\" width=\"350\" height=\"450\" frameborder=\"0\" scrolling=\"no\" marginheight=\"0\" marginwidth=\"0\" src=\"https:\/\/maps.google.it\/maps\/ms?msa=0&amp;msid=213222664708872653617.0004ce9a1955f27df7460&amp;ie=UTF8&amp;t=h&amp;ll=45.698912,10.769837&amp;spn=0.082127,0.149002&amp;output=embed\"><\/iframe><\/div>\n<p>Die Gemeinde Brenzone sul Garda erstreckt sich mit seinen 16 kleinen Weilern vom Ufer des Gardasees \u00fcber Almwiesen bis hin zu den Gipfeln des Monte Baldos. Die h\u00f6chste Erhebung liegt auf 2200 m H\u00f6he mit dem Cima Telegrafo. <\/p>\n<p>Manche dieser Weiler liegen direkt am Wasser mit malerischem Hafenbecken und guten, auch bei Einheimischen sehr gesch\u00e4tzten Restaurants, die f\u00fcr Fischspezialit\u00e4ten aus dem Gardasee bekannt sind. Die wohl bekanntesten Ortschaften sind das charakteristische Castelletto und der eigentliche Hauptort Magugnano, im Volksmund auch Brenzone genannt, wo sich das Rathaus und die wichtigsten \u00f6ffentlichen Einrichtungen befinden. <\/p>\n<p>Andere Ortschaften liegen weiter oben, inmitten unber\u00fchrter Natur und bieten einen herrlichen Blick auf den See. Diese, wie zum Beispiel Sommervilla, Pozzo oder Castello sind durch wundersch\u00f6ne Spazierg\u00e4nge (leichter Schwierigkeitsgrad) von ihrer Unterkunft aus \u00fcber eine Parallelstra\u00dfe, oberhalb der Uferstra\u00dfe, zu erreichen. Der Weg f\u00fchrt Sie an zahlreichen silbrig schimmernden Olivenhainen entlang, wo noch heute das gesunde und kostbare Oliven\u00f6l im traditionellen Stil gewonnen wird. Von hier oben k\u00f6nnen Sie traumhafte Ausblicke auf den Gardasee genie\u00dfen. <\/p>\n<p>Die h\u00f6chstgelegenste Ortschaft der Gemeinde Brenzone ist auf ca. 1100 m H\u00f6he das Bergdorf Prada. Dieses l\u00e4sst sich auch durch eine atemberaubende Wandertour (hoher Schwierigkeitsgrad) \u00fcber die Gipfel ausgehend von Malcesine erreichen. Dabei wird der h\u00f6chste Punkt des Monte Baldo Massivs (Cima Telegrafo) \u00fcberquert. Dort und auch in Prada gibt es mehrere gut gef\u00fchrte Almh\u00fctten, wo Sie sich bei traditionellem Essen dieser Region st\u00e4rken k\u00f6nnen. Nat\u00fcrlich wird auch bei dieser Wanderung die M\u00fche mit unbeschreiblichen Panoramablicken weit \u00fcber den Gardasee hinaus belohnt.<\/p>\n<p>Jeder Ort in der Gemeinde Brenzone ist hervorragender Ausgangspunkt f\u00fcr Wanderungen oder Spazierg\u00e4nge durch das sehenswerte Hinterland. Ein Muss f\u00fcr jeden Romantiker ist der Besuch des mittelalterlichen Dorfes Campo bzw. die Wanderung dorthin ausgehend von Magugnano, da der Wanderweg die einzige M\u00f6glichkeit ist, diesen verwunschenen Ort zu erreichen. Der Ort dient im Sommer als auch im Winter als Austragungsort f\u00fcr kulturelle Veranstaltungen \u2013 von Konzerten bei sommerlichen Temperaturen bis hin zur traditionellen Krippenausstellung in einzigartiger Atmosph\u00e4re w\u00e4hrend der Weihnachtszeit &#8211; und lockt Besucher von nah und fern an. <\/p>\n<p>Generell ist die Gemeinde Brenzone f\u00fcr seine traditionellen Volksfeste und Veranstaltungen weit \u00fcber seine Grenzen hinaus bekannt. Von der ber\u00fchmten \u201eVia Crucis\u201c am Karfreitag bis hin zur Messe Santa Catarina, bei der im November f\u00fcr 4 Wochen die typischen lokalen Produkte, wie zum Beispiel das frisch gewonnene kostbare Oliven\u00f6l, gefeiert werden. Im Sommer gibt es neben den traditionellen Volksfesten, wo die Einheimischen Sie gerne mit den Traditionen dieser Regionen vertraut machen, auch viele kulinarische Veranstaltungen, wie unter anderem von den \u00f6rtlichen Gastronomen organisierte Genussspazierg\u00e4nge entlang der malerischen Hafenbecken.<\/p>\n<p>Die wichtigsten Feste w\u00e4hrend der Sommermonate in der Gemeinde Brenzone:<\/p>\n<p>10. Juli \tAgola Fest in Castelletto: Schutzpatronin-Fest mit Verkostung von typisch lokalen Produkten, Musik und Feuerwerk zum Abschlu\u00df<br \/>\n11. Juli \tFesta della Madonna in Castello: Schutzpatronin \u2013 Fest mit langer Prozession ausgehend von Castello durch alle Ortschaften am See und zur\u00fcckkehrend nach Castello; am Abend gro\u00dfes Fest mit Verkostung lokaler Spezialit\u00e4ten.<br \/>\n9.\/ 10. August\t\tNotti magiche a Campo \u2013 Konzerte mit einmaliger Kulisse im mittelalterlichen Dorf  Campo.<br \/>\n14.-16. August Festa San Rocco in Marniga \u2013 dreit\u00e4giges Volksfest um den Feiertag Ferragosto\/ Maria Himmelfahrt<\/p>\nngg_shortcode_0_placeholder\n","protected":false},"excerpt":{"rendered":"<p>Brenzone sul Garda &#8211; Brenzone am Gardasee Die im S\u00fcden an Cassone angrenzende Gemeinde Brenzone steht ihrem gro\u00dfem Nachbarn Malcesine in Nichts nach. Sie hat auch ohne einen ber\u00fchmten Ort wie Malcesine und ohne gro\u00dfe Shoppingmeilen so Einiges zu bieten. Die gesamte Gemeinde erfreut sich an immer<\/p>\n","protected":false},"author":1,"featured_media":646,"comment_status":"closed","ping_status":"closed","sticky":false,"template":"","format":"standard","meta":{"ngg_post_thumbnail":0,"footnotes":""},"categories":[16,10],"tags":[49],"class_list":["post-610","post","type-post","status-publish","format-standard","has-post-thumbnail","hentry","category-brenzone-lokal-info","category-umgebung","tag-brenzone-de"],"yoast_head":"<!-- This site is optimized with the Yoast SEO plugin v27.5 - https:\/\/yoast.com\/product\/yoast-seo-wordpress\/ -->\n<title>Brenzone am Gardasee<\/title>\n<meta name=\"description\" content=\"I-37010 Brenzone sul Garda - Brenzone am Gardasee - Provinz Verona - Vom Ufer des Gardasees bis hin zu den Gipfeln des Monte Baldos - Riviera degli Olivi\" \/>\n<meta name=\"robots\" content=\"index, follow, max-snippet:-1, max-image-preview:large, max-video-preview:-1\" \/>\n<link rel=\"canonical\" href=\"https:\/\/www.villabrunamalcesine.com\/de\/brenzone-gardasee\/\" \/>\n<meta property=\"og:locale\" content=\"de_DE\" \/>\n<meta property=\"og:type\" content=\"article\" \/>\n<meta property=\"og:title\" content=\"Brenzone am Gardasee\" \/>\n<meta property=\"og:description\" content=\"I-37010 Brenzone sul Garda - Brenzone am Gardasee - Provinz Verona - Vom Ufer des Gardasees bis hin zu den Gipfeln des Monte Baldos - Riviera degli Olivi\" \/>\n<meta property=\"og:url\" content=\"https:\/\/www.villabrunamalcesine.com\/de\/brenzone-gardasee\/\" \/>\n<meta property=\"og:site_name\" content=\"Villa Bruna\" \/>\n<meta property=\"article:published_time\" content=\"2014-06-16T18:24:30+00:00\" \/>\n<meta property=\"article:modified_time\" content=\"2019-11-26T10:58:25+00:00\" \/>\n<meta property=\"og:image\" content=\"https:\/\/www.villabrunamalcesine.com\/wp-content\/uploads\/2014\/06\/brenzone-lago-di-garda-isola-trimelone.jpg\" \/>\n\t<meta property=\"og:image:width\" content=\"960\" \/>\n\t<meta property=\"og:image:height\" content=\"332\" \/>\n\t<meta property=\"og:image:type\" content=\"image\/jpeg\" \/>\n<meta name=\"author\" content=\"admin\" \/>\n<meta name=\"twitter:label1\" content=\"Verfasst von\" \/>\n\t<meta name=\"twitter:data1\" content=\"admin\" \/>\n\t<meta name=\"twitter:label2\" content=\"Gesch\u00e4tzte Lesezeit\" \/>\n\t<meta name=\"twitter:data2\" content=\"3\u00a0Minuten\" \/>\n<script type=\"application\/ld+json\" class=\"yoast-schema-graph\">{\"@context\":\"https:\\\/\\\/schema.org\",\"@graph\":[{\"@type\":\"Article\",\"@id\":\"https:\\\/\\\/www.villabrunamalcesine.com\\\/de\\\/brenzone-gardasee\\\/#article\",\"isPartOf\":{\"@id\":\"https:\\\/\\\/www.villabrunamalcesine.com\\\/de\\\/brenzone-gardasee\\\/\"},\"author\":{\"name\":\"admin\",\"@id\":\"https:\\\/\\\/www.villabrunamalcesine.com\\\/#\\\/schema\\\/person\\\/415e83a1a1db85bf6bcb6cd19220dab2\"},\"headline\":\"Brenzone am Gardasee\",\"datePublished\":\"2014-06-16T18:24:30+00:00\",\"dateModified\":\"2019-11-26T10:58:25+00:00\",\"mainEntityOfPage\":{\"@id\":\"https:\\\/\\\/www.villabrunamalcesine.com\\\/de\\\/brenzone-gardasee\\\/\"},\"wordCount\":682,\"image\":{\"@id\":\"https:\\\/\\\/www.villabrunamalcesine.com\\\/de\\\/brenzone-gardasee\\\/#primaryimage\"},\"thumbnailUrl\":\"https:\\\/\\\/www.villabrunamalcesine.com\\\/wp-content\\\/uploads\\\/2014\\\/06\\\/brenzone-lago-di-garda-isola-trimelone.jpg\",\"keywords\":[\"brenzone @de\"],\"articleSection\":[\"Brenzone\",\"Umgebung\"],\"inLanguage\":\"de\"},{\"@type\":\"WebPage\",\"@id\":\"https:\\\/\\\/www.villabrunamalcesine.com\\\/de\\\/brenzone-gardasee\\\/\",\"url\":\"https:\\\/\\\/www.villabrunamalcesine.com\\\/de\\\/brenzone-gardasee\\\/\",\"name\":\"Brenzone am Gardasee\",\"isPartOf\":{\"@id\":\"https:\\\/\\\/www.villabrunamalcesine.com\\\/#website\"},\"primaryImageOfPage\":{\"@id\":\"https:\\\/\\\/www.villabrunamalcesine.com\\\/de\\\/brenzone-gardasee\\\/#primaryimage\"},\"image\":{\"@id\":\"https:\\\/\\\/www.villabrunamalcesine.com\\\/de\\\/brenzone-gardasee\\\/#primaryimage\"},\"thumbnailUrl\":\"https:\\\/\\\/www.villabrunamalcesine.com\\\/wp-content\\\/uploads\\\/2014\\\/06\\\/brenzone-lago-di-garda-isola-trimelone.jpg\",\"datePublished\":\"2014-06-16T18:24:30+00:00\",\"dateModified\":\"2019-11-26T10:58:25+00:00\",\"author\":{\"@id\":\"https:\\\/\\\/www.villabrunamalcesine.com\\\/#\\\/schema\\\/person\\\/415e83a1a1db85bf6bcb6cd19220dab2\"},\"description\":\"I-37010 Brenzone sul Garda - Brenzone am Gardasee - Provinz Verona - Vom Ufer des Gardasees bis hin zu den Gipfeln des Monte Baldos - Riviera degli Olivi\",\"breadcrumb\":{\"@id\":\"https:\\\/\\\/www.villabrunamalcesine.com\\\/de\\\/brenzone-gardasee\\\/#breadcrumb\"},\"inLanguage\":\"de\",\"potentialAction\":[{\"@type\":\"ReadAction\",\"target\":[\"https:\\\/\\\/www.villabrunamalcesine.com\\\/de\\\/brenzone-gardasee\\\/\"]}]},{\"@type\":\"ImageObject\",\"inLanguage\":\"de\",\"@id\":\"https:\\\/\\\/www.villabrunamalcesine.com\\\/de\\\/brenzone-gardasee\\\/#primaryimage\",\"url\":\"https:\\\/\\\/www.villabrunamalcesine.com\\\/wp-content\\\/uploads\\\/2014\\\/06\\\/brenzone-lago-di-garda-isola-trimelone.jpg\",\"contentUrl\":\"https:\\\/\\\/www.villabrunamalcesine.com\\\/wp-content\\\/uploads\\\/2014\\\/06\\\/brenzone-lago-di-garda-isola-trimelone.jpg\",\"width\":960,\"height\":332},{\"@type\":\"BreadcrumbList\",\"@id\":\"https:\\\/\\\/www.villabrunamalcesine.com\\\/de\\\/brenzone-gardasee\\\/#breadcrumb\",\"itemListElement\":[{\"@type\":\"ListItem\",\"position\":1,\"name\":\"Home\",\"item\":\"https:\\\/\\\/www.villabrunamalcesine.com\\\/de\\\/\"},{\"@type\":\"ListItem\",\"position\":2,\"name\":\"Brenzone am Gardasee\"}]},{\"@type\":\"WebSite\",\"@id\":\"https:\\\/\\\/www.villabrunamalcesine.com\\\/#website\",\"url\":\"https:\\\/\\\/www.villabrunamalcesine.com\\\/\",\"name\":\"Villa Bruna\",\"description\":\"\",\"potentialAction\":[{\"@type\":\"SearchAction\",\"target\":{\"@type\":\"EntryPoint\",\"urlTemplate\":\"https:\\\/\\\/www.villabrunamalcesine.com\\\/?s={search_term_string}\"},\"query-input\":{\"@type\":\"PropertyValueSpecification\",\"valueRequired\":true,\"valueName\":\"search_term_string\"}}],\"inLanguage\":\"de\"},{\"@type\":\"Person\",\"@id\":\"https:\\\/\\\/www.villabrunamalcesine.com\\\/#\\\/schema\\\/person\\\/415e83a1a1db85bf6bcb6cd19220dab2\",\"name\":\"admin\",\"image\":{\"@type\":\"ImageObject\",\"inLanguage\":\"de\",\"@id\":\"https:\\\/\\\/secure.gravatar.com\\\/avatar\\\/5c28c3cb9455822dee548170805ccb7e9a6f3c5a01ba501fb7a05f691d6e7fb4?s=96&d=mm&r=g\",\"url\":\"https:\\\/\\\/secure.gravatar.com\\\/avatar\\\/5c28c3cb9455822dee548170805ccb7e9a6f3c5a01ba501fb7a05f691d6e7fb4?s=96&d=mm&r=g\",\"contentUrl\":\"https:\\\/\\\/secure.gravatar.com\\\/avatar\\\/5c28c3cb9455822dee548170805ccb7e9a6f3c5a01ba501fb7a05f691d6e7fb4?s=96&d=mm&r=g\",\"caption\":\"admin\"},\"url\":\"https:\\\/\\\/www.villabrunamalcesine.com\\\/de\\\/author\\\/admin\\\/\"}]}<\/script>\n<!-- \/ Yoast SEO plugin. -->","yoast_head_json":{"title":"Brenzone am Gardasee","description":"I-37010 Brenzone sul Garda - Brenzone am Gardasee - Provinz Verona - Vom Ufer des Gardasees bis hin zu den Gipfeln des Monte Baldos - Riviera degli Olivi","robots":{"index":"index","follow":"follow","max-snippet":"max-snippet:-1","max-image-preview":"max-image-preview:large","max-video-preview":"max-video-preview:-1"},"canonical":"https:\/\/www.villabrunamalcesine.com\/de\/brenzone-gardasee\/","og_locale":"de_DE","og_type":"article","og_title":"Brenzone am Gardasee","og_description":"I-37010 Brenzone sul Garda - Brenzone am Gardasee - Provinz Verona - Vom Ufer des Gardasees bis hin zu den Gipfeln des Monte Baldos - Riviera degli Olivi","og_url":"https:\/\/www.villabrunamalcesine.com\/de\/brenzone-gardasee\/","og_site_name":"Villa Bruna","article_published_time":"2014-06-16T18:24:30+00:00","article_modified_time":"2019-11-26T10:58:25+00:00","og_image":[{"width":960,"height":332,"url":"https:\/\/www.villabrunamalcesine.com\/wp-content\/uploads\/2014\/06\/brenzone-lago-di-garda-isola-trimelone.jpg","type":"image\/jpeg"}],"author":"admin","twitter_misc":{"Verfasst von":"admin","Gesch\u00e4tzte Lesezeit":"3\u00a0Minuten"},"schema":{"@context":"https:\/\/schema.org","@graph":[{"@type":"Article","@id":"https:\/\/www.villabrunamalcesine.com\/de\/brenzone-gardasee\/#article","isPartOf":{"@id":"https:\/\/www.villabrunamalcesine.com\/de\/brenzone-gardasee\/"},"author":{"name":"admin","@id":"https:\/\/www.villabrunamalcesine.com\/#\/schema\/person\/415e83a1a1db85bf6bcb6cd19220dab2"},"headline":"Brenzone am Gardasee","datePublished":"2014-06-16T18:24:30+00:00","dateModified":"2019-11-26T10:58:25+00:00","mainEntityOfPage":{"@id":"https:\/\/www.villabrunamalcesine.com\/de\/brenzone-gardasee\/"},"wordCount":682,"image":{"@id":"https:\/\/www.villabrunamalcesine.com\/de\/brenzone-gardasee\/#primaryimage"},"thumbnailUrl":"https:\/\/www.villabrunamalcesine.com\/wp-content\/uploads\/2014\/06\/brenzone-lago-di-garda-isola-trimelone.jpg","keywords":["brenzone @de"],"articleSection":["Brenzone","Umgebung"],"inLanguage":"de"},{"@type":"WebPage","@id":"https:\/\/www.villabrunamalcesine.com\/de\/brenzone-gardasee\/","url":"https:\/\/www.villabrunamalcesine.com\/de\/brenzone-gardasee\/","name":"Brenzone am Gardasee","isPartOf":{"@id":"https:\/\/www.villabrunamalcesine.com\/#website"},"primaryImageOfPage":{"@id":"https:\/\/www.villabrunamalcesine.com\/de\/brenzone-gardasee\/#primaryimage"},"image":{"@id":"https:\/\/www.villabrunamalcesine.com\/de\/brenzone-gardasee\/#primaryimage"},"thumbnailUrl":"https:\/\/www.villabrunamalcesine.com\/wp-content\/uploads\/2014\/06\/brenzone-lago-di-garda-isola-trimelone.jpg","datePublished":"2014-06-16T18:24:30+00:00","dateModified":"2019-11-26T10:58:25+00:00","author":{"@id":"https:\/\/www.villabrunamalcesine.com\/#\/schema\/person\/415e83a1a1db85bf6bcb6cd19220dab2"},"description":"I-37010 Brenzone sul Garda - Brenzone am Gardasee - Provinz Verona - Vom Ufer des Gardasees bis hin zu den Gipfeln des Monte Baldos - Riviera degli Olivi","breadcrumb":{"@id":"https:\/\/www.villabrunamalcesine.com\/de\/brenzone-gardasee\/#breadcrumb"},"inLanguage":"de","potentialAction":[{"@type":"ReadAction","target":["https:\/\/www.villabrunamalcesine.com\/de\/brenzone-gardasee\/"]}]},{"@type":"ImageObject","inLanguage":"de","@id":"https:\/\/www.villabrunamalcesine.com\/de\/brenzone-gardasee\/#primaryimage","url":"https:\/\/www.villabrunamalcesine.com\/wp-content\/uploads\/2014\/06\/brenzone-lago-di-garda-isola-trimelone.jpg","contentUrl":"https:\/\/www.villabrunamalcesine.com\/wp-content\/uploads\/2014\/06\/brenzone-lago-di-garda-isola-trimelone.jpg","width":960,"height":332},{"@type":"BreadcrumbList","@id":"https:\/\/www.villabrunamalcesine.com\/de\/brenzone-gardasee\/#breadcrumb","itemListElement":[{"@type":"ListItem","position":1,"name":"Home","item":"https:\/\/www.villabrunamalcesine.com\/de\/"},{"@type":"ListItem","position":2,"name":"Brenzone am Gardasee"}]},{"@type":"WebSite","@id":"https:\/\/www.villabrunamalcesine.com\/#website","url":"https:\/\/www.villabrunamalcesine.com\/","name":"Villa Bruna","description":"","potentialAction":[{"@type":"SearchAction","target":{"@type":"EntryPoint","urlTemplate":"https:\/\/www.villabrunamalcesine.com\/?s={search_term_string}"},"query-input":{"@type":"PropertyValueSpecification","valueRequired":true,"valueName":"search_term_string"}}],"inLanguage":"de"},{"@type":"Person","@id":"https:\/\/www.villabrunamalcesine.com\/#\/schema\/person\/415e83a1a1db85bf6bcb6cd19220dab2","name":"admin","image":{"@type":"ImageObject","inLanguage":"de","@id":"https:\/\/secure.gravatar.com\/avatar\/5c28c3cb9455822dee548170805ccb7e9a6f3c5a01ba501fb7a05f691d6e7fb4?s=96&d=mm&r=g","url":"https:\/\/secure.gravatar.com\/avatar\/5c28c3cb9455822dee548170805ccb7e9a6f3c5a01ba501fb7a05f691d6e7fb4?s=96&d=mm&r=g","contentUrl":"https:\/\/secure.gravatar.com\/avatar\/5c28c3cb9455822dee548170805ccb7e9a6f3c5a01ba501fb7a05f691d6e7fb4?s=96&d=mm&r=g","caption":"admin"},"url":"https:\/\/www.villabrunamalcesine.com\/de\/author\/admin\/"}]}},"_links":{"self":[{"href":"https:\/\/www.villabrunamalcesine.com\/de\/wp-json\/wp\/v2\/posts\/610","targetHints":{"allow":["GET"]}}],"collection":[{"href":"https:\/\/www.villabrunamalcesine.com\/de\/wp-json\/wp\/v2\/posts"}],"about":[{"href":"https:\/\/www.villabrunamalcesine.com\/de\/wp-json\/wp\/v2\/types\/post"}],"author":[{"embeddable":true,"href":"https:\/\/www.villabrunamalcesine.com\/de\/wp-json\/wp\/v2\/users\/1"}],"replies":[{"embeddable":true,"href":"https:\/\/www.villabrunamalcesine.com\/de\/wp-json\/wp\/v2\/comments?post=610"}],"version-history":[{"count":2,"href":"https:\/\/www.villabrunamalcesine.com\/de\/wp-json\/wp\/v2\/posts\/610\/revisions"}],"predecessor-version":[{"id":651,"href":"https:\/\/www.villabrunamalcesine.com\/de\/wp-json\/wp\/v2\/posts\/610\/revisions\/651"}],"wp:featuredmedia":[{"embeddable":true,"href":"https:\/\/www.villabrunamalcesine.com\/de\/wp-json\/wp\/v2\/media\/646"}],"wp:attachment":[{"href":"https:\/\/www.villabrunamalcesine.com\/de\/wp-json\/wp\/v2\/media?parent=610"}],"wp:term":[{"taxonomy":"category","embeddable":true,"href":"https:\/\/www.villabrunamalcesine.com\/de\/wp-json\/wp\/v2\/categories?post=610"},{"taxonomy":"post_tag","embeddable":true,"href":"https:\/\/www.villabrunamalcesine.com\/de\/wp-json\/wp\/v2\/tags?post=610"}],"curies":[{"name":"wp","href":"https:\/\/api.w.org\/{rel}","templated":true}]}}