{"id":201,"date":"2014-04-29T23:04:10","date_gmt":"2014-04-29T21:04:10","guid":{"rendered":"https:\/\/www.villabrunamalcesine.com\/?p=201"},"modified":"2024-12-16T12:03:49","modified_gmt":"2024-12-16T11:03:49","slug":"surfeinsteigerkurs","status":"publish","type":"post","link":"https:\/\/www.villabrunamalcesine.com\/de\/surfeinsteigerkurs\/","title":{"rendered":"Surfeinsteigerkurs"},"content":{"rendered":"<p>Der Kurs ist f\u00fcr Einsteiger (ab 16 Jahren) ohne Vorkenntnisse und findet im besten Spot f\u00fcr Surfeinsteiger, der gesch\u00fctzten Bucht vom Val di Sogno, statt. Nirgendwo am Gardasee werden Sie bessere Bedingungen als Surfeinsteiger finden.<br \/>\nVom leicht ablandigen Wind am Vormittag bis zur st\u00e4rker werdenden \u201eOra\u201c (am Nachmittag erreicht Sie hier Windst\u00e4rke 3-4) schafft jeder den Sprung auf\u2019s Brett.<\/p>\n<div class=\"custom \" style=\"background:-moz-linear-gradient(center top , #FFFFff, #ffffff) repeat scroll 0 0 transparent;\n\t\t\t\t\t\t   background: -webkit-gradient(linear, center top, center bottom, from(#FFFFff), to(#ffffff));\n\t\t\t\t\t\t   background: -o-linear-gradient(top, #FFFFff 0%,#ffffff 99%); \/* Opera 11.10+ *\/\n\t\t\t\t\t\t   background: -ms-linear-gradient(top, #FFFFff 0%,#ffffff 99%); \/* IE10+ *\/\n\t\t\t\t\t\t   margin-left:0 !important;\n\t\t\t\t\t\t   margin-right:0 !important;\n\t\t\t\t\t\t   border:1px solid #BBBBBB;\n\t\t\t\t\t\t   background-color: #ffffff;\n\t\t\t\t\t\t   width:100%;\n\t\t\t\t\t\t   color:#010C14;\"><div class=\"inner-padding\">\n<div class=\"clear\"><\/div><div class=\"tabs-wrapper\"><ul class=\"tabs\"><li><a href=\"javascript:void(0)\" class=\"defaulttab\" id=\"tab-1\"><span>Kursdauer<\/span><\/a><\/li><li><a href=\"javascript:void(0)\" id=\"tab-2\"><span>Kursinhalte<\/span><\/a><\/li><li><a href=\"javascript:void(0)\" id=\"tab-3\"><span>Kursabschluss<\/span><\/a><\/li><li><a href=\"javascript:void(0)\" id=\"tab-4\"><span>Begr\u00fc\u00dfungsdrink<\/span><\/a><\/li><li><a href=\"javascript:void(0)\" id=\"tab-5\"><span>Ausr\u00fcstung<\/span><\/a><\/li><li><a href=\"javascript:void(0)\" id=\"tab-6\"><span>Preis<\/span><\/a><\/li><\/ul><div class=\"tab-content\" id=\"tab-1-content\"><div class=\"tabs-inner-padding\"><p>Der Kurs findet von Montag bis Freitag statt, jeweils 3 Stunden Theorie und Praxis pro Tag.<\/p><\/div><\/div><div class=\"tab-content\" id=\"tab-2-content\"><div class=\"tabs-inner-padding\">&#8211; Grundschein-Theorie<br \/>\n&#8211; Trockentraining<br \/>\n&#8211; Balance\u00fcbungen<br \/>\n&#8211; Starten und Steuern<br \/>\n&#8211; Wenden und Halsen<br \/>\n&#8211; Auf-und Abriggen<\/p><\/div><\/div><div class=\"tab-content\" id=\"tab-3-content\"><div class=\"tabs-inner-padding\"><p>Am Kursende findet eine theoretische Pr\u00fcfung zum VDWS-Grundscheindiplom statt (zzgl. 30,00 Euro Pr\u00fcfungsgeb\u00fchren).<\/p>\n<p>Die praktische Pr\u00fcfung wird als eine Art Funregatta durchgef\u00fchrt.<\/p><\/div><\/div><div class=\"tab-content\" id=\"tab-4-content\"><div class=\"tabs-inner-padding\"><p>Im Kurspreis inklusive: Begr\u00fc\u00dfungsdrink am Sonntag um 18.00 Uhr im Sportcamp und Abschlu\u00dfregatta.<br \/><\/div><\/div><div class=\"tab-content\" id=\"tab-5-content\"><div class=\"tabs-inner-padding\"><p>Die gesamte Ausr\u00fcstung mit Neoprenanzug und Schwimmweste wird zur Verf\u00fcgung gestellt. Schuhe sollten mitgebracht werden oder sie k\u00f6nnen vor Ort im Camp erworben werden.<br \/><\/div><\/div><div class=\"tab-content\" id=\"tab-6-content\"><div class=\"tabs-inner-padding\"><!--\n<strong>PREIS pro Person<\/strong> (Appartement bei 2er-Belegung \/ zzgl. Kurtaxe):\n\n10.04. \u2013 01.05.21 => EUR 470,00\n01.05. \u2013 08.05.21 => EUR 485,00\n25.09. - 02.10.21 => EUR 485,00\n02.10. - 15.10.21 => EUR 470,00\n\nGegen einen Aufpreis von EUR 50.00 pro Woche ist im April und Oktober die Heizung je nach Bedarf inklusive.--><\/p>\n<div style=\"text-align: center;\">\n<h3>PREISE AUF ANFRAGE<\/h3>\n<\/div><\/div><\/div><\/div><!-- tabs-wrapper end --><div class=\"clear\"><\/div>\n<\/div><\/div>\n<p>Auf Anfrage ist dieser Kurs auch am Wochenende (2 Tage\/ 6 Std.) oder mit Specials (3 Tage\/ 9 Std.) an Feiertagen wie zum Ostern, 1.Maifeiertag oder Himmelfahrt, immer in Kombination mit einem 5-t\u00e4gigen Aufenthalt, m\u00f6glich.<\/p>\n<div class=\"divider\"><\/div>\n<h3>Inklusivleistungen:<\/h3>\n\n<ul class=\"list-4\">\n<li>7 \u00dcbernachtungen im Zweizimmerappartement mit Balkon und direktem Seeblick mit Selbstverpflegung und eigener Anreise<\/li>\n<li>5 Tage Surfeinsteigerkurs pro Person im Stickl-Sportcamp im Val di Sogno<\/li>\n<li>Informationsmaterial und Tipps f\u00fcr Ihren Aufenthalt und Ihre Freizeit am Gardasee<\/li>\n<li>Unterstellm\u00f6glichkeiten f\u00fcr Surf- und Segelausr\u00fcstung<\/li>\n<li>1 Garagen- oder Parkplatz (je nach Verf\u00fcgbarkeit) pro Appartement<\/li>\n<li>WLAN-Verbindung im Appartement<\/li>\n<li>Endreinigung<\/li>\n<\/ul>\n\n<div class=\"divider\"><\/div>\n<div class=\"align-btn-center\"><a class=\"flat-custom-button\" href=\"https:\/\/www.villabrunamalcesine.com\/de\/anfrage-wassersport-angebot\/\" title=\"Wassersport-Package Unverbindliche Kostenlose Anfrage\"><span style=\"padding:10px 20px; background-color:#800303; border:1px solid #ffffff; color:#FFFFFF; font-size:14px;\">Zum Anfrageformular Wassersport &gt;<\/span><\/a><\/div>\n","protected":false},"excerpt":{"rendered":"<p>Der Kurs ist f\u00fcr Einsteiger (ab 16 Jahren) ohne Vorkenntnisse und findet im besten Spot f\u00fcr Surfeinsteiger, der gesch\u00fctzten Bucht vom Val di Sogno, statt. Nirgendwo am Gardasee werden Sie bessere Bedingungen als Surfeinsteiger finden. Vom leicht ablandigen Wind am Vormittag bis zur st\u00e4rker werdenden \u201eOra\u201c (am<\/p>\n","protected":false},"author":1,"featured_media":191,"comment_status":"closed","ping_status":"closed","sticky":false,"template":"","format":"standard","meta":{"ngg_post_thumbnail":0,"footnotes":""},"categories":[23],"tags":[33,32],"class_list":["post-201","post","type-post","status-publish","format-standard","has-post-thumbnail","hentry","category-wassersport-paket","tag-kurs","tag-windsurf"],"yoast_head":"<!-- This site is optimized with the Yoast SEO plugin v27.5 - https:\/\/yoast.com\/product\/yoast-seo-wordpress\/ -->\n<title>Surfeinsteigerkurs - Villa Bruna<\/title>\n<meta name=\"robots\" content=\"index, follow, max-snippet:-1, max-image-preview:large, max-video-preview:-1\" \/>\n<link rel=\"canonical\" href=\"https:\/\/www.villabrunamalcesine.com\/de\/surfeinsteigerkurs\/\" \/>\n<meta property=\"og:locale\" content=\"de_DE\" \/>\n<meta property=\"og:type\" content=\"article\" \/>\n<meta property=\"og:title\" content=\"Surfeinsteigerkurs - Villa Bruna\" \/>\n<meta property=\"og:description\" content=\"Der Kurs ist f\u00fcr Einsteiger (ab 16 Jahren) ohne Vorkenntnisse und findet im besten Spot f\u00fcr Surfeinsteiger, der gesch\u00fctzten Bucht vom Val di Sogno, statt. Nirgendwo am Gardasee werden Sie bessere Bedingungen als Surfeinsteiger finden. Vom leicht ablandigen Wind am Vormittag bis zur st\u00e4rker werdenden \u201eOra\u201c (am\" \/>\n<meta property=\"og:url\" content=\"https:\/\/www.villabrunamalcesine.com\/de\/surfeinsteigerkurs\/\" \/>\n<meta property=\"og:site_name\" content=\"Villa Bruna\" \/>\n<meta property=\"article:published_time\" content=\"2014-04-29T21:04:10+00:00\" \/>\n<meta property=\"article:modified_time\" content=\"2024-12-16T11:03:49+00:00\" \/>\n<meta property=\"og:image\" content=\"https:\/\/www.villabrunamalcesine.com\/wp-content\/uploads\/2014\/04\/surf-stickl.jpg\" \/>\n\t<meta property=\"og:image:width\" content=\"960\" \/>\n\t<meta property=\"og:image:height\" content=\"350\" \/>\n\t<meta property=\"og:image:type\" content=\"image\/jpeg\" \/>\n<meta name=\"author\" content=\"admin\" \/>\n<meta name=\"twitter:label1\" content=\"Verfasst von\" \/>\n\t<meta name=\"twitter:data1\" content=\"admin\" \/>\n\t<meta name=\"twitter:label2\" content=\"Gesch\u00e4tzte Lesezeit\" \/>\n\t<meta name=\"twitter:data2\" content=\"2\u00a0Minuten\" \/>\n<script type=\"application\/ld+json\" class=\"yoast-schema-graph\">{\"@context\":\"https:\\\/\\\/schema.org\",\"@graph\":[{\"@type\":\"Article\",\"@id\":\"https:\\\/\\\/www.villabrunamalcesine.com\\\/de\\\/surfeinsteigerkurs\\\/#article\",\"isPartOf\":{\"@id\":\"https:\\\/\\\/www.villabrunamalcesine.com\\\/de\\\/surfeinsteigerkurs\\\/\"},\"author\":{\"name\":\"admin\",\"@id\":\"https:\\\/\\\/www.villabrunamalcesine.com\\\/#\\\/schema\\\/person\\\/415e83a1a1db85bf6bcb6cd19220dab2\"},\"headline\":\"Surfeinsteigerkurs\",\"datePublished\":\"2014-04-29T21:04:10+00:00\",\"dateModified\":\"2024-12-16T11:03:49+00:00\",\"mainEntityOfPage\":{\"@id\":\"https:\\\/\\\/www.villabrunamalcesine.com\\\/de\\\/surfeinsteigerkurs\\\/\"},\"wordCount\":349,\"image\":{\"@id\":\"https:\\\/\\\/www.villabrunamalcesine.com\\\/de\\\/surfeinsteigerkurs\\\/#primaryimage\"},\"thumbnailUrl\":\"https:\\\/\\\/www.villabrunamalcesine.com\\\/wp-content\\\/uploads\\\/2014\\\/04\\\/surf-stickl.jpg\",\"keywords\":[\"kurs\",\"Windsurf\"],\"articleSection\":[\"Wassersport-Paket\"],\"inLanguage\":\"de\"},{\"@type\":\"WebPage\",\"@id\":\"https:\\\/\\\/www.villabrunamalcesine.com\\\/de\\\/surfeinsteigerkurs\\\/\",\"url\":\"https:\\\/\\\/www.villabrunamalcesine.com\\\/de\\\/surfeinsteigerkurs\\\/\",\"name\":\"Surfeinsteigerkurs - Villa Bruna\",\"isPartOf\":{\"@id\":\"https:\\\/\\\/www.villabrunamalcesine.com\\\/#website\"},\"primaryImageOfPage\":{\"@id\":\"https:\\\/\\\/www.villabrunamalcesine.com\\\/de\\\/surfeinsteigerkurs\\\/#primaryimage\"},\"image\":{\"@id\":\"https:\\\/\\\/www.villabrunamalcesine.com\\\/de\\\/surfeinsteigerkurs\\\/#primaryimage\"},\"thumbnailUrl\":\"https:\\\/\\\/www.villabrunamalcesine.com\\\/wp-content\\\/uploads\\\/2014\\\/04\\\/surf-stickl.jpg\",\"datePublished\":\"2014-04-29T21:04:10+00:00\",\"dateModified\":\"2024-12-16T11:03:49+00:00\",\"author\":{\"@id\":\"https:\\\/\\\/www.villabrunamalcesine.com\\\/#\\\/schema\\\/person\\\/415e83a1a1db85bf6bcb6cd19220dab2\"},\"breadcrumb\":{\"@id\":\"https:\\\/\\\/www.villabrunamalcesine.com\\\/de\\\/surfeinsteigerkurs\\\/#breadcrumb\"},\"inLanguage\":\"de\",\"potentialAction\":[{\"@type\":\"ReadAction\",\"target\":[\"https:\\\/\\\/www.villabrunamalcesine.com\\\/de\\\/surfeinsteigerkurs\\\/\"]}]},{\"@type\":\"ImageObject\",\"inLanguage\":\"de\",\"@id\":\"https:\\\/\\\/www.villabrunamalcesine.com\\\/de\\\/surfeinsteigerkurs\\\/#primaryimage\",\"url\":\"https:\\\/\\\/www.villabrunamalcesine.com\\\/wp-content\\\/uploads\\\/2014\\\/04\\\/surf-stickl.jpg\",\"contentUrl\":\"https:\\\/\\\/www.villabrunamalcesine.com\\\/wp-content\\\/uploads\\\/2014\\\/04\\\/surf-stickl.jpg\",\"width\":960,\"height\":350},{\"@type\":\"BreadcrumbList\",\"@id\":\"https:\\\/\\\/www.villabrunamalcesine.com\\\/de\\\/surfeinsteigerkurs\\\/#breadcrumb\",\"itemListElement\":[{\"@type\":\"ListItem\",\"position\":1,\"name\":\"Home\",\"item\":\"https:\\\/\\\/www.villabrunamalcesine.com\\\/de\\\/\"},{\"@type\":\"ListItem\",\"position\":2,\"name\":\"Surfeinsteigerkurs\"}]},{\"@type\":\"WebSite\",\"@id\":\"https:\\\/\\\/www.villabrunamalcesine.com\\\/#website\",\"url\":\"https:\\\/\\\/www.villabrunamalcesine.com\\\/\",\"name\":\"Villa Bruna\",\"description\":\"\",\"potentialAction\":[{\"@type\":\"SearchAction\",\"target\":{\"@type\":\"EntryPoint\",\"urlTemplate\":\"https:\\\/\\\/www.villabrunamalcesine.com\\\/?s={search_term_string}\"},\"query-input\":{\"@type\":\"PropertyValueSpecification\",\"valueRequired\":true,\"valueName\":\"search_term_string\"}}],\"inLanguage\":\"de\"},{\"@type\":\"Person\",\"@id\":\"https:\\\/\\\/www.villabrunamalcesine.com\\\/#\\\/schema\\\/person\\\/415e83a1a1db85bf6bcb6cd19220dab2\",\"name\":\"admin\",\"image\":{\"@type\":\"ImageObject\",\"inLanguage\":\"de\",\"@id\":\"https:\\\/\\\/secure.gravatar.com\\\/avatar\\\/5c28c3cb9455822dee548170805ccb7e9a6f3c5a01ba501fb7a05f691d6e7fb4?s=96&d=mm&r=g\",\"url\":\"https:\\\/\\\/secure.gravatar.com\\\/avatar\\\/5c28c3cb9455822dee548170805ccb7e9a6f3c5a01ba501fb7a05f691d6e7fb4?s=96&d=mm&r=g\",\"contentUrl\":\"https:\\\/\\\/secure.gravatar.com\\\/avatar\\\/5c28c3cb9455822dee548170805ccb7e9a6f3c5a01ba501fb7a05f691d6e7fb4?s=96&d=mm&r=g\",\"caption\":\"admin\"},\"url\":\"https:\\\/\\\/www.villabrunamalcesine.com\\\/de\\\/author\\\/admin\\\/\"}]}<\/script>\n<!-- \/ Yoast SEO plugin. -->","yoast_head_json":{"title":"Surfeinsteigerkurs - Villa Bruna","robots":{"index":"index","follow":"follow","max-snippet":"max-snippet:-1","max-image-preview":"max-image-preview:large","max-video-preview":"max-video-preview:-1"},"canonical":"https:\/\/www.villabrunamalcesine.com\/de\/surfeinsteigerkurs\/","og_locale":"de_DE","og_type":"article","og_title":"Surfeinsteigerkurs - Villa Bruna","og_description":"Der Kurs ist f\u00fcr Einsteiger (ab 16 Jahren) ohne Vorkenntnisse und findet im besten Spot f\u00fcr Surfeinsteiger, der gesch\u00fctzten Bucht vom Val di Sogno, statt. Nirgendwo am Gardasee werden Sie bessere Bedingungen als Surfeinsteiger finden. Vom leicht ablandigen Wind am Vormittag bis zur st\u00e4rker werdenden \u201eOra\u201c (am","og_url":"https:\/\/www.villabrunamalcesine.com\/de\/surfeinsteigerkurs\/","og_site_name":"Villa Bruna","article_published_time":"2014-04-29T21:04:10+00:00","article_modified_time":"2024-12-16T11:03:49+00:00","og_image":[{"width":960,"height":350,"url":"https:\/\/www.villabrunamalcesine.com\/wp-content\/uploads\/2014\/04\/surf-stickl.jpg","type":"image\/jpeg"}],"author":"admin","twitter_misc":{"Verfasst von":"admin","Gesch\u00e4tzte Lesezeit":"2\u00a0Minuten"},"schema":{"@context":"https:\/\/schema.org","@graph":[{"@type":"Article","@id":"https:\/\/www.villabrunamalcesine.com\/de\/surfeinsteigerkurs\/#article","isPartOf":{"@id":"https:\/\/www.villabrunamalcesine.com\/de\/surfeinsteigerkurs\/"},"author":{"name":"admin","@id":"https:\/\/www.villabrunamalcesine.com\/#\/schema\/person\/415e83a1a1db85bf6bcb6cd19220dab2"},"headline":"Surfeinsteigerkurs","datePublished":"2014-04-29T21:04:10+00:00","dateModified":"2024-12-16T11:03:49+00:00","mainEntityOfPage":{"@id":"https:\/\/www.villabrunamalcesine.com\/de\/surfeinsteigerkurs\/"},"wordCount":349,"image":{"@id":"https:\/\/www.villabrunamalcesine.com\/de\/surfeinsteigerkurs\/#primaryimage"},"thumbnailUrl":"https:\/\/www.villabrunamalcesine.com\/wp-content\/uploads\/2014\/04\/surf-stickl.jpg","keywords":["kurs","Windsurf"],"articleSection":["Wassersport-Paket"],"inLanguage":"de"},{"@type":"WebPage","@id":"https:\/\/www.villabrunamalcesine.com\/de\/surfeinsteigerkurs\/","url":"https:\/\/www.villabrunamalcesine.com\/de\/surfeinsteigerkurs\/","name":"Surfeinsteigerkurs - Villa Bruna","isPartOf":{"@id":"https:\/\/www.villabrunamalcesine.com\/#website"},"primaryImageOfPage":{"@id":"https:\/\/www.villabrunamalcesine.com\/de\/surfeinsteigerkurs\/#primaryimage"},"image":{"@id":"https:\/\/www.villabrunamalcesine.com\/de\/surfeinsteigerkurs\/#primaryimage"},"thumbnailUrl":"https:\/\/www.villabrunamalcesine.com\/wp-content\/uploads\/2014\/04\/surf-stickl.jpg","datePublished":"2014-04-29T21:04:10+00:00","dateModified":"2024-12-16T11:03:49+00:00","author":{"@id":"https:\/\/www.villabrunamalcesine.com\/#\/schema\/person\/415e83a1a1db85bf6bcb6cd19220dab2"},"breadcrumb":{"@id":"https:\/\/www.villabrunamalcesine.com\/de\/surfeinsteigerkurs\/#breadcrumb"},"inLanguage":"de","potentialAction":[{"@type":"ReadAction","target":["https:\/\/www.villabrunamalcesine.com\/de\/surfeinsteigerkurs\/"]}]},{"@type":"ImageObject","inLanguage":"de","@id":"https:\/\/www.villabrunamalcesine.com\/de\/surfeinsteigerkurs\/#primaryimage","url":"https:\/\/www.villabrunamalcesine.com\/wp-content\/uploads\/2014\/04\/surf-stickl.jpg","contentUrl":"https:\/\/www.villabrunamalcesine.com\/wp-content\/uploads\/2014\/04\/surf-stickl.jpg","width":960,"height":350},{"@type":"BreadcrumbList","@id":"https:\/\/www.villabrunamalcesine.com\/de\/surfeinsteigerkurs\/#breadcrumb","itemListElement":[{"@type":"ListItem","position":1,"name":"Home","item":"https:\/\/www.villabrunamalcesine.com\/de\/"},{"@type":"ListItem","position":2,"name":"Surfeinsteigerkurs"}]},{"@type":"WebSite","@id":"https:\/\/www.villabrunamalcesine.com\/#website","url":"https:\/\/www.villabrunamalcesine.com\/","name":"Villa Bruna","description":"","potentialAction":[{"@type":"SearchAction","target":{"@type":"EntryPoint","urlTemplate":"https:\/\/www.villabrunamalcesine.com\/?s={search_term_string}"},"query-input":{"@type":"PropertyValueSpecification","valueRequired":true,"valueName":"search_term_string"}}],"inLanguage":"de"},{"@type":"Person","@id":"https:\/\/www.villabrunamalcesine.com\/#\/schema\/person\/415e83a1a1db85bf6bcb6cd19220dab2","name":"admin","image":{"@type":"ImageObject","inLanguage":"de","@id":"https:\/\/secure.gravatar.com\/avatar\/5c28c3cb9455822dee548170805ccb7e9a6f3c5a01ba501fb7a05f691d6e7fb4?s=96&d=mm&r=g","url":"https:\/\/secure.gravatar.com\/avatar\/5c28c3cb9455822dee548170805ccb7e9a6f3c5a01ba501fb7a05f691d6e7fb4?s=96&d=mm&r=g","contentUrl":"https:\/\/secure.gravatar.com\/avatar\/5c28c3cb9455822dee548170805ccb7e9a6f3c5a01ba501fb7a05f691d6e7fb4?s=96&d=mm&r=g","caption":"admin"},"url":"https:\/\/www.villabrunamalcesine.com\/de\/author\/admin\/"}]}},"_links":{"self":[{"href":"https:\/\/www.villabrunamalcesine.com\/de\/wp-json\/wp\/v2\/posts\/201","targetHints":{"allow":["GET"]}}],"collection":[{"href":"https:\/\/www.villabrunamalcesine.com\/de\/wp-json\/wp\/v2\/posts"}],"about":[{"href":"https:\/\/www.villabrunamalcesine.com\/de\/wp-json\/wp\/v2\/types\/post"}],"author":[{"embeddable":true,"href":"https:\/\/www.villabrunamalcesine.com\/de\/wp-json\/wp\/v2\/users\/1"}],"replies":[{"embeddable":true,"href":"https:\/\/www.villabrunamalcesine.com\/de\/wp-json\/wp\/v2\/comments?post=201"}],"version-history":[{"count":19,"href":"https:\/\/www.villabrunamalcesine.com\/de\/wp-json\/wp\/v2\/posts\/201\/revisions"}],"predecessor-version":[{"id":350,"href":"https:\/\/www.villabrunamalcesine.com\/de\/wp-json\/wp\/v2\/posts\/201\/revisions\/350"}],"wp:featuredmedia":[{"embeddable":true,"href":"https:\/\/www.villabrunamalcesine.com\/de\/wp-json\/wp\/v2\/media\/191"}],"wp:attachment":[{"href":"https:\/\/www.villabrunamalcesine.com\/de\/wp-json\/wp\/v2\/media?parent=201"}],"wp:term":[{"taxonomy":"category","embeddable":true,"href":"https:\/\/www.villabrunamalcesine.com\/de\/wp-json\/wp\/v2\/categories?post=201"},{"taxonomy":"post_tag","embeddable":true,"href":"https:\/\/www.villabrunamalcesine.com\/de\/wp-json\/wp\/v2\/tags?post=201"}],"curies":[{"name":"wp","href":"https:\/\/api.w.org\/{rel}","templated":true}]}}