{"id":176,"date":"2014-04-29T12:00:47","date_gmt":"2014-04-29T10:00:47","guid":{"rendered":"https:\/\/www.villabrunamalcesine.com\/?p=176"},"modified":"2024-12-16T12:08:40","modified_gmt":"2024-12-16T11:08:40","slug":"kultur-ausflugs-package","status":"publish","type":"post","link":"https:\/\/www.villabrunamalcesine.com\/de\/kultur-ausflugs-package\/","title":{"rendered":"Kultur Ausflugs &#8211; Package"},"content":{"rendered":"<p>Sie waren noch nie am Gardasee? Dann wird es aber h\u00f6chste Zeit!<\/p>\n<p>Au\u00dferhalb der Hochsaison ist die optimalste Reisezeit f\u00fcr Sie! Entdecken Sie ganz entspannt die Sch\u00f6nheiten des gr\u00f6\u00dften See Italien\u2019s &#8211; ob per\u00a0Schiff, Bus oder mit dem eigenen Auto.<!--more--><\/p>\n<p>So facettenreich wie die Landschaft, so vielseitig sind hier die Ausflugsm\u00f6glichkeiten &#8211; nahe gelegene Kunst- und Kulturst\u00e4dte, zahlreiche malerische und geschichtstr\u00e4chtige Orte, einzigartige Naturparks \u2013 alles eingebettet in eine einmalig bl\u00fchende Landschaft \u2013 garantiert nicht nur f\u00fcr Naturliebhaber und Kulturfans ein Highlight!<\/p>\n<p>Tipps und Informationsmaterial erhalten Sie bei Anreise, gerne auch bei einem pers\u00f6nlichen deutschsprachigen Informationsgespr\u00e4ch.<\/p>\n<p>Inklusivleistungen:<\/p>\n\n<ul class=\"list-4\">\n<li>7 \u00dcbernachtungen im Zweizimmerappartement mit Balkon und direktem Seeblick mit Selbstverpflegung und eigener Anreise<\/li>\n<li>1 Ticket (Hin- und R\u00fcckfahrt) pro Person f\u00fcr eine Schifffahrt von Malcesine nach Limone<\/li>\n<li>Informationsmaterial und Tipps zu Schifffahrten und Ausflugsm\u00f6glichkeiten am Gardasee<\/li>\n<li>1 Garagen- oder Parkplatz auf dem Gel\u00e4nde (je nach Verf\u00fcgbarkeit) pro Appartement<\/li>\n<li>WLAN-Verbindung im Appartement<\/li>\n<li>Gemeinschaftliches Nutzung unseres Badestegs, der Liegewiese und des Grillplatzes<\/li>\n<li>g\u00fcnstiger Fahrradverleih<\/li>\n<li>Endreinigung<\/li>\n<\/ul>\n\n<div class=\"divider\"><\/div>\n<div class=\"custom \" style=\"background:-moz-linear-gradient(center top , #eeeeee, #C9A1A1) repeat scroll 0 0 transparent;\n\t\t\t\t\t\t   background: -webkit-gradient(linear, center top, center bottom, from(#eeeeee), to(#C9A1A1));\n\t\t\t\t\t\t   background: -o-linear-gradient(top, #eeeeee 0%,#C9A1A1 99%); \/* Opera 11.10+ *\/\n\t\t\t\t\t\t   background: -ms-linear-gradient(top, #eeeeee 0%,#C9A1A1 99%); \/* IE10+ *\/\n\t\t\t\t\t\t   margin-left:0 !important;\n\t\t\t\t\t\t   margin-right:0 !important;\n\t\t\t\t\t\t   border:1px solid #BBBBBB;\n\t\t\t\t\t\t   background-color: #C9A1A1;\n\t\t\t\t\t\t   width:100%;\n\t\t\t\t\t\t   color:#333333;\"><div class=\"inner-padding\">\n<!--\n<strong>Angebotspreis pro Appartement (2021)<\/strong><br \/>(bei 2er- Belegung\/ zzgl. Kurtaxe)\n\n10.04. \u2013 01.05.21 => EUR 385,00\n01.05. \u2013 08.05.21 => EUR 410,00\n25.09. - 09.10.21 => EUR 410,00\n09.10. - 31.10.21 => EUR 385,00\n\nGegen einen Aufpreis von EUR 49.00 pro Woche ist im April und Oktober die Heizung je nach Bedarf inklusive.--><\/p>\n<div style=\"text-align: center;\">\n<h3>PREISE AUF ANFRAGE<\/h3>\n<\/div>\n<\/div><\/div>\n<div class=\"divider\"><\/div>\n<div class=\"custom \" style=\"background:-moz-linear-gradient(center top , #eeeeee, #C9A1A1) repeat scroll 0 0 transparent;\n\t\t\t\t\t\t   background: -webkit-gradient(linear, center top, center bottom, from(#eeeeee), to(#C9A1A1));\n\t\t\t\t\t\t   background: -o-linear-gradient(top, #eeeeee 0%,#C9A1A1 99%); \/* Opera 11.10+ *\/\n\t\t\t\t\t\t   background: -ms-linear-gradient(top, #eeeeee 0%,#C9A1A1 99%); \/* IE10+ *\/\n\t\t\t\t\t\t   margin-left:0 !important;\n\t\t\t\t\t\t   margin-right:0 !important;\n\t\t\t\t\t\t   border:1px solid #BBBBBB;\n\t\t\t\t\t\t   background-color: #C9A1A1;\n\t\t\t\t\t\t   width:100%;\n\t\t\t\t\t\t   color:#333333;\"><div class=\"inner-padding\">\n\n                <div class='gf_browser_gecko gform_wrapper' id='gform_wrapper_6' ><form method='post' enctype='multipart\/form-data'  id='gform_6'  action='\/de\/wp-json\/wp\/v2\/posts\/176'>\n                        <div class='gform_heading'>\n                            <h3 class='gform_title'>Anfrage Kultur Ausflugs-Package - Villa Bruna<\/h3>\n                            <span class='gform_description'>Anfrageformular f\u00fcr Villa Bruna - Kultur Ausflugs-Package - Cassone in Malcesine<br>Mit (*) gekennzeichnete Felder, sind Pflichtfelder<\/span>\n                        <\/div>\n                        <div class='gform_body'>\n                            <ul id='gform_fields_6' class='gform_fields top_label description_below'><li id='field_6_1' class='gfield               gfield_contains_required' ><label class='gfield_label' for='input_6_1_3'>Name<span class='gfield_required'>*<\/span><\/label><div class='ginput_complex ginput_container' id='input_6_1'><span id='input_6_1_3_container' class='ginput_left'><input type='text' name='input_1.3' id='input_6_1_3' value='' tabindex='1' \/><label for='input_6_1_3'>First<\/label><\/span><span id='input_6_1_6_container' class='ginput_right'><input type='text' name='input_1.6' id='input_6_1_6' value='' tabindex='2' \/><label for='input_6_1_6'>Last<\/label><\/span><div class='gf_clear gf_clear_complex'><\/div><\/div><\/li><li id='field_6_2' class='gfield               gfield_contains_required' ><label class='gfield_label' for='input_6_2'>Email<span class='gfield_required'>*<\/span><\/label><div class='ginput_container'><input name='input_2' id='input_6_2' type='text' value='' class='large'  tabindex='3'   \/><\/div><\/li><li id='field_6_3' class='gfield               gfield_contains_required' ><label class='gfield_label' for='input_6_3'>Land \/ Country<span class='gfield_required'>*<\/span><\/label><div class='ginput_container'><input name='input_3' id='input_6_3' type='text' value='' class='medium'  tabindex='4'   \/><\/div><\/li><li id='field_6_4' class='gfield               gfield_contains_required' ><label class='gfield_label' for='input_6_4'>Anreisetag<span class='gfield_required'>*<\/span><\/label><div class='ginput_container'><input name='input_4' id='input_6_4' type='text' value='' class='datepicker medium dmy datepicker_no_icon' tabindex='5' \/> <\/div><input type='hidden' id='gforms_calendar_icon_input_6_4' class='gform_hidden' value='https:\/\/www.villabrunamalcesine.com\/wp-content\/plugins\/gravityforms-v1.7.5\/images\/calendar.png'\/><\/li><li id='field_6_5' class='gfield               gfield_contains_required' ><label class='gfield_label' for='input_6_5'>Abreisetag<span class='gfield_required'>*<\/span><\/label><div class='ginput_container'><input name='input_5' id='input_6_5' type='text' value='' class='datepicker medium dmy datepicker_no_icon' tabindex='6' \/> <\/div><input type='hidden' id='gforms_calendar_icon_input_6_5' class='gform_hidden' value='https:\/\/www.villabrunamalcesine.com\/wp-content\/plugins\/gravityforms-v1.7.5\/images\/calendar.png'\/><\/li><li id='field_6_6' class='gfield               gfield_contains_required' ><label class='gfield_label' for='input_6_6'>Personen Gesamt<span class='gfield_required'>*<\/span><\/label><div class='ginput_container'><select name='input_6' id='input_6_6'  class='medium gfield_select' tabindex='7' ><option value='2 Pers.' >2 Pers.<\/option><option value='3 Pers.' >3 Pers.<\/option><option value='4 Pers.' >4 Pers.<\/option><option value='5 Pers.' >5 Pers.<\/option><option value='6 Pers.' >6 Pers.<\/option><option value='7 Pers.' >7 Pers.<\/option><option value='8 Pers.' >8 Pers.<\/option><option value='9 Pers.' >9 Pers.<\/option><option value='10 Pers.' >10 Pers.<\/option><\/select><\/div><\/li><li id='field_6_7' class='gfield' ><label class='gfield_label' for='input_6_7'>Nachricht<\/label><div class='ginput_container'><textarea name='input_7' id='input_6_7' class='textarea medium' tabindex='8'   rows='10' cols='50'><\/textarea><\/div><\/li>\n                            <\/ul><\/div>\n        <div class='gform_footer top_label'> <input type='submit' id='gform_submit_button_6' class='button gform_button' value='Senden' tabindex='9' \/>\n            <input type='hidden' class='gform_hidden' name='is_submit_6' value='1' \/>\n            <input type='hidden' class='gform_hidden' name='gform_submit' value='6' \/>\n            <input type='hidden' class='gform_hidden' name='gform_unique_id' value='' \/>\n            <input type='hidden' class='gform_hidden' name='state_6' value='WyJhOjA6e30iLCI0ZmU1ZjczYWNiMDg5OGNjMmQ2NWZhN2JjZjk5ZjNhYSJd' \/>\n            <input type='hidden' class='gform_hidden' name='gform_target_page_number_6' id='gform_target_page_number_6' value='0' \/>\n            <input type='hidden' class='gform_hidden' name='gform_source_page_number_6' id='gform_source_page_number_6' value='1' \/>\n            <input type='hidden' name='gform_field_values' value='' \/>\n            \n        <\/div>\n                <\/form>\n                <\/div><script type='text\/javascript'> jQuery(document).ready(function(){jQuery(document).trigger('gform_post_render', [6, 1]) } ); <\/script>\n<\/div><\/div>\n","protected":false},"excerpt":{"rendered":"<p>Sie waren noch nie am Gardasee? Dann wird es aber h\u00f6chste Zeit! Au\u00dferhalb der Hochsaison ist die optimalste Reisezeit f\u00fcr Sie! Entdecken Sie ganz entspannt die Sch\u00f6nheiten des gr\u00f6\u00dften See Italien\u2019s &#8211; ob per\u00a0Schiff, Bus oder mit dem eigenen Auto.<\/p>\n","protected":false},"author":1,"featured_media":179,"comment_status":"closed","ping_status":"closed","sticky":false,"template":"","format":"standard","meta":{"ngg_post_thumbnail":0,"footnotes":""},"categories":[20,21],"tags":[26,25,45],"class_list":["post-176","post","type-post","status-publish","format-standard","has-post-thumbnail","hentry","category-kultur-ausflugs","category-urlaub-gardasee-angebote-2","tag-ausfluge","tag-kultur","tag-urlaubs-package"],"yoast_head":"<!-- This site is optimized with the Yoast SEO plugin v27.5 - https:\/\/yoast.com\/product\/yoast-seo-wordpress\/ -->\n<title>Kultur Ausflugs - Package - Villa Bruna<\/title>\n<meta name=\"robots\" content=\"index, follow, max-snippet:-1, max-image-preview:large, max-video-preview:-1\" \/>\n<link rel=\"canonical\" href=\"https:\/\/www.villabrunamalcesine.com\/de\/kultur-ausflugs-package\/\" \/>\n<meta property=\"og:locale\" content=\"de_DE\" \/>\n<meta property=\"og:type\" content=\"article\" \/>\n<meta property=\"og:title\" content=\"Kultur Ausflugs - Package - Villa Bruna\" \/>\n<meta property=\"og:description\" content=\"Sie waren noch nie am Gardasee? Dann wird es aber h\u00f6chste Zeit! Au\u00dferhalb der Hochsaison ist die optimalste Reisezeit f\u00fcr Sie! Entdecken Sie ganz entspannt die Sch\u00f6nheiten des gr\u00f6\u00dften See Italien\u2019s &#8211; ob per\u00a0Schiff, Bus oder mit dem eigenen Auto.\" \/>\n<meta property=\"og:url\" content=\"https:\/\/www.villabrunamalcesine.com\/de\/kultur-ausflugs-package\/\" \/>\n<meta property=\"og:site_name\" content=\"Villa Bruna\" \/>\n<meta property=\"article:published_time\" content=\"2014-04-29T10:00:47+00:00\" \/>\n<meta property=\"article:modified_time\" content=\"2024-12-16T11:08:40+00:00\" \/>\n<meta property=\"og:image\" content=\"https:\/\/www.villabrunamalcesine.com\/wp-content\/uploads\/2014\/04\/gardasee-schifffahrt-2.jpg\" \/>\n\t<meta property=\"og:image:width\" content=\"800\" \/>\n\t<meta property=\"og:image:height\" content=\"350\" \/>\n\t<meta property=\"og:image:type\" content=\"image\/jpeg\" \/>\n<meta name=\"author\" content=\"admin\" \/>\n<meta name=\"twitter:label1\" content=\"Verfasst von\" \/>\n\t<meta name=\"twitter:data1\" content=\"admin\" \/>\n\t<meta name=\"twitter:label2\" content=\"Gesch\u00e4tzte Lesezeit\" \/>\n\t<meta name=\"twitter:data2\" content=\"2\u00a0Minuten\" \/>\n<script type=\"application\/ld+json\" class=\"yoast-schema-graph\">{\"@context\":\"https:\\\/\\\/schema.org\",\"@graph\":[{\"@type\":\"Article\",\"@id\":\"https:\\\/\\\/www.villabrunamalcesine.com\\\/de\\\/kultur-ausflugs-package\\\/#article\",\"isPartOf\":{\"@id\":\"https:\\\/\\\/www.villabrunamalcesine.com\\\/de\\\/kultur-ausflugs-package\\\/\"},\"author\":{\"name\":\"admin\",\"@id\":\"https:\\\/\\\/www.villabrunamalcesine.com\\\/#\\\/schema\\\/person\\\/415e83a1a1db85bf6bcb6cd19220dab2\"},\"headline\":\"Kultur Ausflugs &#8211; Package\",\"datePublished\":\"2014-04-29T10:00:47+00:00\",\"dateModified\":\"2024-12-16T11:08:40+00:00\",\"mainEntityOfPage\":{\"@id\":\"https:\\\/\\\/www.villabrunamalcesine.com\\\/de\\\/kultur-ausflugs-package\\\/\"},\"wordCount\":232,\"image\":{\"@id\":\"https:\\\/\\\/www.villabrunamalcesine.com\\\/de\\\/kultur-ausflugs-package\\\/#primaryimage\"},\"thumbnailUrl\":\"https:\\\/\\\/www.villabrunamalcesine.com\\\/wp-content\\\/uploads\\\/2014\\\/04\\\/gardasee-schifffahrt-2.jpg\",\"keywords\":[\"ausfl\u00fcge\",\"kultur\",\"Urlaubs Package\"],\"articleSection\":[\"Kultur-Package\",\"Urlaub Gardasee Angebote\"],\"inLanguage\":\"de\"},{\"@type\":\"WebPage\",\"@id\":\"https:\\\/\\\/www.villabrunamalcesine.com\\\/de\\\/kultur-ausflugs-package\\\/\",\"url\":\"https:\\\/\\\/www.villabrunamalcesine.com\\\/de\\\/kultur-ausflugs-package\\\/\",\"name\":\"Kultur Ausflugs - Package - Villa Bruna\",\"isPartOf\":{\"@id\":\"https:\\\/\\\/www.villabrunamalcesine.com\\\/#website\"},\"primaryImageOfPage\":{\"@id\":\"https:\\\/\\\/www.villabrunamalcesine.com\\\/de\\\/kultur-ausflugs-package\\\/#primaryimage\"},\"image\":{\"@id\":\"https:\\\/\\\/www.villabrunamalcesine.com\\\/de\\\/kultur-ausflugs-package\\\/#primaryimage\"},\"thumbnailUrl\":\"https:\\\/\\\/www.villabrunamalcesine.com\\\/wp-content\\\/uploads\\\/2014\\\/04\\\/gardasee-schifffahrt-2.jpg\",\"datePublished\":\"2014-04-29T10:00:47+00:00\",\"dateModified\":\"2024-12-16T11:08:40+00:00\",\"author\":{\"@id\":\"https:\\\/\\\/www.villabrunamalcesine.com\\\/#\\\/schema\\\/person\\\/415e83a1a1db85bf6bcb6cd19220dab2\"},\"breadcrumb\":{\"@id\":\"https:\\\/\\\/www.villabrunamalcesine.com\\\/de\\\/kultur-ausflugs-package\\\/#breadcrumb\"},\"inLanguage\":\"de\",\"potentialAction\":[{\"@type\":\"ReadAction\",\"target\":[\"https:\\\/\\\/www.villabrunamalcesine.com\\\/de\\\/kultur-ausflugs-package\\\/\"]}]},{\"@type\":\"ImageObject\",\"inLanguage\":\"de\",\"@id\":\"https:\\\/\\\/www.villabrunamalcesine.com\\\/de\\\/kultur-ausflugs-package\\\/#primaryimage\",\"url\":\"https:\\\/\\\/www.villabrunamalcesine.com\\\/wp-content\\\/uploads\\\/2014\\\/04\\\/gardasee-schifffahrt-2.jpg\",\"contentUrl\":\"https:\\\/\\\/www.villabrunamalcesine.com\\\/wp-content\\\/uploads\\\/2014\\\/04\\\/gardasee-schifffahrt-2.jpg\",\"width\":800,\"height\":350,\"caption\":\"Gardasee Schifffahrt\"},{\"@type\":\"BreadcrumbList\",\"@id\":\"https:\\\/\\\/www.villabrunamalcesine.com\\\/de\\\/kultur-ausflugs-package\\\/#breadcrumb\",\"itemListElement\":[{\"@type\":\"ListItem\",\"position\":1,\"name\":\"Home\",\"item\":\"https:\\\/\\\/www.villabrunamalcesine.com\\\/de\\\/\"},{\"@type\":\"ListItem\",\"position\":2,\"name\":\"Kultur Ausflugs &#8211; Package\"}]},{\"@type\":\"WebSite\",\"@id\":\"https:\\\/\\\/www.villabrunamalcesine.com\\\/#website\",\"url\":\"https:\\\/\\\/www.villabrunamalcesine.com\\\/\",\"name\":\"Villa Bruna\",\"description\":\"\",\"potentialAction\":[{\"@type\":\"SearchAction\",\"target\":{\"@type\":\"EntryPoint\",\"urlTemplate\":\"https:\\\/\\\/www.villabrunamalcesine.com\\\/?s={search_term_string}\"},\"query-input\":{\"@type\":\"PropertyValueSpecification\",\"valueRequired\":true,\"valueName\":\"search_term_string\"}}],\"inLanguage\":\"de\"},{\"@type\":\"Person\",\"@id\":\"https:\\\/\\\/www.villabrunamalcesine.com\\\/#\\\/schema\\\/person\\\/415e83a1a1db85bf6bcb6cd19220dab2\",\"name\":\"admin\",\"image\":{\"@type\":\"ImageObject\",\"inLanguage\":\"de\",\"@id\":\"https:\\\/\\\/secure.gravatar.com\\\/avatar\\\/5c28c3cb9455822dee548170805ccb7e9a6f3c5a01ba501fb7a05f691d6e7fb4?s=96&d=mm&r=g\",\"url\":\"https:\\\/\\\/secure.gravatar.com\\\/avatar\\\/5c28c3cb9455822dee548170805ccb7e9a6f3c5a01ba501fb7a05f691d6e7fb4?s=96&d=mm&r=g\",\"contentUrl\":\"https:\\\/\\\/secure.gravatar.com\\\/avatar\\\/5c28c3cb9455822dee548170805ccb7e9a6f3c5a01ba501fb7a05f691d6e7fb4?s=96&d=mm&r=g\",\"caption\":\"admin\"},\"url\":\"https:\\\/\\\/www.villabrunamalcesine.com\\\/de\\\/author\\\/admin\\\/\"}]}<\/script>\n<!-- \/ Yoast SEO plugin. -->","yoast_head_json":{"title":"Kultur Ausflugs - Package - Villa Bruna","robots":{"index":"index","follow":"follow","max-snippet":"max-snippet:-1","max-image-preview":"max-image-preview:large","max-video-preview":"max-video-preview:-1"},"canonical":"https:\/\/www.villabrunamalcesine.com\/de\/kultur-ausflugs-package\/","og_locale":"de_DE","og_type":"article","og_title":"Kultur Ausflugs - Package - Villa Bruna","og_description":"Sie waren noch nie am Gardasee? Dann wird es aber h\u00f6chste Zeit! Au\u00dferhalb der Hochsaison ist die optimalste Reisezeit f\u00fcr Sie! Entdecken Sie ganz entspannt die Sch\u00f6nheiten des gr\u00f6\u00dften See Italien\u2019s &#8211; ob per\u00a0Schiff, Bus oder mit dem eigenen Auto.","og_url":"https:\/\/www.villabrunamalcesine.com\/de\/kultur-ausflugs-package\/","og_site_name":"Villa Bruna","article_published_time":"2014-04-29T10:00:47+00:00","article_modified_time":"2024-12-16T11:08:40+00:00","og_image":[{"width":800,"height":350,"url":"https:\/\/www.villabrunamalcesine.com\/wp-content\/uploads\/2014\/04\/gardasee-schifffahrt-2.jpg","type":"image\/jpeg"}],"author":"admin","twitter_misc":{"Verfasst von":"admin","Gesch\u00e4tzte Lesezeit":"2\u00a0Minuten"},"schema":{"@context":"https:\/\/schema.org","@graph":[{"@type":"Article","@id":"https:\/\/www.villabrunamalcesine.com\/de\/kultur-ausflugs-package\/#article","isPartOf":{"@id":"https:\/\/www.villabrunamalcesine.com\/de\/kultur-ausflugs-package\/"},"author":{"name":"admin","@id":"https:\/\/www.villabrunamalcesine.com\/#\/schema\/person\/415e83a1a1db85bf6bcb6cd19220dab2"},"headline":"Kultur Ausflugs &#8211; Package","datePublished":"2014-04-29T10:00:47+00:00","dateModified":"2024-12-16T11:08:40+00:00","mainEntityOfPage":{"@id":"https:\/\/www.villabrunamalcesine.com\/de\/kultur-ausflugs-package\/"},"wordCount":232,"image":{"@id":"https:\/\/www.villabrunamalcesine.com\/de\/kultur-ausflugs-package\/#primaryimage"},"thumbnailUrl":"https:\/\/www.villabrunamalcesine.com\/wp-content\/uploads\/2014\/04\/gardasee-schifffahrt-2.jpg","keywords":["ausfl\u00fcge","kultur","Urlaubs Package"],"articleSection":["Kultur-Package","Urlaub Gardasee Angebote"],"inLanguage":"de"},{"@type":"WebPage","@id":"https:\/\/www.villabrunamalcesine.com\/de\/kultur-ausflugs-package\/","url":"https:\/\/www.villabrunamalcesine.com\/de\/kultur-ausflugs-package\/","name":"Kultur Ausflugs - Package - Villa Bruna","isPartOf":{"@id":"https:\/\/www.villabrunamalcesine.com\/#website"},"primaryImageOfPage":{"@id":"https:\/\/www.villabrunamalcesine.com\/de\/kultur-ausflugs-package\/#primaryimage"},"image":{"@id":"https:\/\/www.villabrunamalcesine.com\/de\/kultur-ausflugs-package\/#primaryimage"},"thumbnailUrl":"https:\/\/www.villabrunamalcesine.com\/wp-content\/uploads\/2014\/04\/gardasee-schifffahrt-2.jpg","datePublished":"2014-04-29T10:00:47+00:00","dateModified":"2024-12-16T11:08:40+00:00","author":{"@id":"https:\/\/www.villabrunamalcesine.com\/#\/schema\/person\/415e83a1a1db85bf6bcb6cd19220dab2"},"breadcrumb":{"@id":"https:\/\/www.villabrunamalcesine.com\/de\/kultur-ausflugs-package\/#breadcrumb"},"inLanguage":"de","potentialAction":[{"@type":"ReadAction","target":["https:\/\/www.villabrunamalcesine.com\/de\/kultur-ausflugs-package\/"]}]},{"@type":"ImageObject","inLanguage":"de","@id":"https:\/\/www.villabrunamalcesine.com\/de\/kultur-ausflugs-package\/#primaryimage","url":"https:\/\/www.villabrunamalcesine.com\/wp-content\/uploads\/2014\/04\/gardasee-schifffahrt-2.jpg","contentUrl":"https:\/\/www.villabrunamalcesine.com\/wp-content\/uploads\/2014\/04\/gardasee-schifffahrt-2.jpg","width":800,"height":350,"caption":"Gardasee Schifffahrt"},{"@type":"BreadcrumbList","@id":"https:\/\/www.villabrunamalcesine.com\/de\/kultur-ausflugs-package\/#breadcrumb","itemListElement":[{"@type":"ListItem","position":1,"name":"Home","item":"https:\/\/www.villabrunamalcesine.com\/de\/"},{"@type":"ListItem","position":2,"name":"Kultur Ausflugs &#8211; Package"}]},{"@type":"WebSite","@id":"https:\/\/www.villabrunamalcesine.com\/#website","url":"https:\/\/www.villabrunamalcesine.com\/","name":"Villa Bruna","description":"","potentialAction":[{"@type":"SearchAction","target":{"@type":"EntryPoint","urlTemplate":"https:\/\/www.villabrunamalcesine.com\/?s={search_term_string}"},"query-input":{"@type":"PropertyValueSpecification","valueRequired":true,"valueName":"search_term_string"}}],"inLanguage":"de"},{"@type":"Person","@id":"https:\/\/www.villabrunamalcesine.com\/#\/schema\/person\/415e83a1a1db85bf6bcb6cd19220dab2","name":"admin","image":{"@type":"ImageObject","inLanguage":"de","@id":"https:\/\/secure.gravatar.com\/avatar\/5c28c3cb9455822dee548170805ccb7e9a6f3c5a01ba501fb7a05f691d6e7fb4?s=96&d=mm&r=g","url":"https:\/\/secure.gravatar.com\/avatar\/5c28c3cb9455822dee548170805ccb7e9a6f3c5a01ba501fb7a05f691d6e7fb4?s=96&d=mm&r=g","contentUrl":"https:\/\/secure.gravatar.com\/avatar\/5c28c3cb9455822dee548170805ccb7e9a6f3c5a01ba501fb7a05f691d6e7fb4?s=96&d=mm&r=g","caption":"admin"},"url":"https:\/\/www.villabrunamalcesine.com\/de\/author\/admin\/"}]}},"_links":{"self":[{"href":"https:\/\/www.villabrunamalcesine.com\/de\/wp-json\/wp\/v2\/posts\/176","targetHints":{"allow":["GET"]}}],"collection":[{"href":"https:\/\/www.villabrunamalcesine.com\/de\/wp-json\/wp\/v2\/posts"}],"about":[{"href":"https:\/\/www.villabrunamalcesine.com\/de\/wp-json\/wp\/v2\/types\/post"}],"author":[{"embeddable":true,"href":"https:\/\/www.villabrunamalcesine.com\/de\/wp-json\/wp\/v2\/users\/1"}],"replies":[{"embeddable":true,"href":"https:\/\/www.villabrunamalcesine.com\/de\/wp-json\/wp\/v2\/comments?post=176"}],"version-history":[{"count":16,"href":"https:\/\/www.villabrunamalcesine.com\/de\/wp-json\/wp\/v2\/posts\/176\/revisions"}],"predecessor-version":[{"id":2039,"href":"https:\/\/www.villabrunamalcesine.com\/de\/wp-json\/wp\/v2\/posts\/176\/revisions\/2039"}],"wp:featuredmedia":[{"embeddable":true,"href":"https:\/\/www.villabrunamalcesine.com\/de\/wp-json\/wp\/v2\/media\/179"}],"wp:attachment":[{"href":"https:\/\/www.villabrunamalcesine.com\/de\/wp-json\/wp\/v2\/media?parent=176"}],"wp:term":[{"taxonomy":"category","embeddable":true,"href":"https:\/\/www.villabrunamalcesine.com\/de\/wp-json\/wp\/v2\/categories?post=176"},{"taxonomy":"post_tag","embeddable":true,"href":"https:\/\/www.villabrunamalcesine.com\/de\/wp-json\/wp\/v2\/tags?post=176"}],"curies":[{"name":"wp","href":"https:\/\/api.w.org\/{rel}","templated":true}]}}